{"id":610,"date":"2012-05-15T21:59:24","date_gmt":"2012-05-15T20:59:24","guid":{"rendered":"http:\/\/www.miczanin.it\/apiedi\/?p=610"},"modified":"2012-05-23T21:41:39","modified_gmt":"2012-05-23T20:41:39","slug":"giorno-29-martedi-15-maggio-areixe-ribadiso","status":"publish","type":"post","link":"https:\/\/www.miczanin.it\/apiedi\/2012\/05\/15\/giorno-29-martedi-15-maggio-areixe-ribadiso\/","title":{"rendered":"Giorno 29, marted\u00ec 15 maggio, Areixe &#8211; Ribadiso"},"content":{"rendered":"<p style=\"text-align: justify;\"><a href=\"https:\/\/www.miczanin.it\/apiedi\/wp-content\/uploads\/2012\/05\/tappa29_50km.jpg\"><img loading=\"lazy\" decoding=\"async\" class=\"aligncenter size-medium wp-image-613\" title=\"50km e mic\" src=\"https:\/\/www.miczanin.it\/apiedi\/wp-content\/uploads\/2012\/05\/tappa29_50km-283x300.jpg\" alt=\"\" width=\"283\" height=\"300\" srcset=\"https:\/\/www.miczanin.it\/apiedi\/wp-content\/uploads\/2012\/05\/tappa29_50km-283x300.jpg 283w, https:\/\/www.miczanin.it\/apiedi\/wp-content\/uploads\/2012\/05\/tappa29_50km.jpg 966w\" sizes=\"auto, (max-width: 283px) 100vw, 283px\" \/><\/a>Un&#8217;altra incredibile coincidenza. Questa mattina, dopo essermi alzato rigorosamente per ultimo e aver completato nel dormiveglia il consueto rituale di preparazione dello zaino, sono uscito in strada alla ricerca di un bar per la colazione. Proprio in quel momento \u00e8 passata di l\u00ec Serena, l&#8217;amica italiana con la quale ho camminato diversi giorni fa e che ormai pensavo di non vedere pi\u00f9. I miei giorni di semi-riposo le hanno consentito di recuperare il distacco e cos\u00ec ci siamo ritrovati. Bastava che lei arrivasse 20 secondi prima (o dopo) e non ci saremmo nemmeno visti.<\/p>\n<p style=\"text-align: justify;\"><a href=\"https:\/\/www.miczanin.it\/apiedi\/wp-content\/uploads\/2012\/05\/tappa29_polpo.jpg\"><img loading=\"lazy\" decoding=\"async\" class=\"alignleft size-medium wp-image-612\" title=\"Pulpo a la Gallega\" src=\"https:\/\/www.miczanin.it\/apiedi\/wp-content\/uploads\/2012\/05\/tappa29_polpo-300x141.jpg\" alt=\"\" width=\"300\" height=\"141\" srcset=\"https:\/\/www.miczanin.it\/apiedi\/wp-content\/uploads\/2012\/05\/tappa29_polpo-300x141.jpg 300w, https:\/\/www.miczanin.it\/apiedi\/wp-content\/uploads\/2012\/05\/tappa29_polpo-500x235.jpg 500w, https:\/\/www.miczanin.it\/apiedi\/wp-content\/uploads\/2012\/05\/tappa29_polpo.jpg 1024w\" sizes=\"auto, (max-width: 300px) 100vw, 300px\" \/><\/a>Lei deve assolutamente arrivare a Santiago domani e quindi ha previsto per oggi e domani tapponi da 40km. Anche se al momento per me queste distanze sono fuori portata (maledetto ginocchio!), abbiamo comunque camminato insieme quasi tutto il giorno, godendoci la prima vera giornata perfetta per camminare (cielo terso, aria fresca) e i paesaggi boscosi della Galizia. Seguendo i consigli della guida, a pranzo abbiamo optato per la storica pulperia Ezequiel di Melide, dove abbiamo ovviamente provato il celebre pulpo a la gallega (vedi foto), accompagnato da un buon vino, servito nelle caratteristiche ciotole. Nel pomeriggio, quando io sono arrivato all&#8217;ostello, Serena ha proseguito per la sua destinazione di giornata.<\/p>\n<p style=\"text-align: justify;\"><a href=\"https:\/\/www.miczanin.it\/apiedi\/wp-content\/uploads\/2012\/05\/tappa29_bambina.jpg\"><img loading=\"lazy\" decoding=\"async\" class=\"alignright size-medium wp-image-611\" title=\"Carretto\" src=\"https:\/\/www.miczanin.it\/apiedi\/wp-content\/uploads\/2012\/05\/tappa29_bambina-268x300.jpg\" alt=\"\" width=\"268\" height=\"300\" srcset=\"https:\/\/www.miczanin.it\/apiedi\/wp-content\/uploads\/2012\/05\/tappa29_bambina-268x300.jpg 268w, https:\/\/www.miczanin.it\/apiedi\/wp-content\/uploads\/2012\/05\/tappa29_bambina.jpg 915w\" sizes=\"auto, (max-width: 268px) 100vw, 268px\" \/><\/a>A met\u00e0 mattina ho anche ritrovato la coppia di sposini tedeschi che sta portando lungo il cammino la loro figlia di 8 mesi, comodamente adagiata in un carrettino. Ovviamente hanno fatto parecchie tratte in treno, ma \u00e8 stato comunque bello rivederli dopo quasi due settimane, ancora in forma, anche se un po&#8217; provati.<\/p>\n<p style=\"text-align: justify;\">Parlando di incontri, a cena ho conosciuto Laura, una ragazza italiana che il 17 aprile ha viaggiato sul mio stesso aereo da Bergamo a Lourdes. Come quasi tutti i miei compagni di volo ha iniziato il cammino a Saint Jean e mi ha aggiornato sulle disavventure capitate agli altri: praticamente, del gruppo iniziale molti sono tornati a casa per danni fisici di vario tipo, alcuni sono rimasti molto indietro, un anziano signore trentino \u00e8 svenuto il primo giorno&#8230; Ora lei cammina con Daniele, un altro simpatico italiano dall&#8217;aria molto rilassata. Anche Laura camminer\u00e0 come me fino a Finisterre e poi torner\u00e0 a Bergamo sul mio stesso aereo, il mio stesso giorno. Direi che avremo senz&#8217;altro occasione di rivederci, anche se non domani, visto che lei partir\u00e0 prestissimo.<\/p>\n<p style=\"text-align: justify;\"><a href=\"https:\/\/www.miczanin.it\/apiedi\/wp-content\/uploads\/2012\/05\/tappa29_40km.jpg\"><img loading=\"lazy\" decoding=\"async\" class=\" wp-image-614 alignleft\" title=\"40km\" src=\"https:\/\/www.miczanin.it\/apiedi\/wp-content\/uploads\/2012\/05\/tappa29_40km-211x300.jpg\" alt=\"\" width=\"169\" height=\"240\" srcset=\"https:\/\/www.miczanin.it\/apiedi\/wp-content\/uploads\/2012\/05\/tappa29_40km-211x300.jpg 211w, https:\/\/www.miczanin.it\/apiedi\/wp-content\/uploads\/2012\/05\/tappa29_40km.jpg 721w\" sizes=\"auto, (max-width: 169px) 100vw, 169px\" \/><\/a>Ormai sono arrivato a soli 40km da Santiago e la tentazione di arrivare domani sera sarebbe forte: vediamo come si comporter\u00e0 il mio ginocchio pericolante.<\/p>\n","protected":false},"excerpt":{"rendered":"<p>Un&#8217;altra incredibile coincidenza. Questa mattina, dopo essermi alzato rigorosamente per ultimo e aver completato nel dormiveglia il consueto rituale di preparazione dello zaino, sono uscito in strada alla ricerca di un bar per la colazione. Proprio in quel momento \u00e8 &hellip; <a href=\"https:\/\/www.miczanin.it\/apiedi\/2012\/05\/15\/giorno-29-martedi-15-maggio-areixe-ribadiso\/\">Continue reading <span class=\"meta-nav\">&rarr;<\/span><\/a><\/p>\n","protected":false},"author":2,"featured_media":0,"comment_status":"open","ping_status":"open","sticky":false,"template":"","format":"standard","meta":{"footnotes":""},"categories":[4],"tags":[9,23],"class_list":["post-610","post","type-post","status-publish","format-standard","hentry","category-pubblicato","tag-cfrancese","tag-diario"],"_links":{"self":[{"href":"https:\/\/www.miczanin.it\/apiedi\/wp-json\/wp\/v2\/posts\/610","targetHints":{"allow":["GET"]}}],"collection":[{"href":"https:\/\/www.miczanin.it\/apiedi\/wp-json\/wp\/v2\/posts"}],"about":[{"href":"https:\/\/www.miczanin.it\/apiedi\/wp-json\/wp\/v2\/types\/post"}],"author":[{"embeddable":true,"href":"https:\/\/www.miczanin.it\/apiedi\/wp-json\/wp\/v2\/users\/2"}],"replies":[{"embeddable":true,"href":"https:\/\/www.miczanin.it\/apiedi\/wp-json\/wp\/v2\/comments?post=610"}],"version-history":[{"count":5,"href":"https:\/\/www.miczanin.it\/apiedi\/wp-json\/wp\/v2\/posts\/610\/revisions"}],"predecessor-version":[{"id":632,"href":"https:\/\/www.miczanin.it\/apiedi\/wp-json\/wp\/v2\/posts\/610\/revisions\/632"}],"wp:attachment":[{"href":"https:\/\/www.miczanin.it\/apiedi\/wp-json\/wp\/v2\/media?parent=610"}],"wp:term":[{"taxonomy":"category","embeddable":true,"href":"https:\/\/www.miczanin.it\/apiedi\/wp-json\/wp\/v2\/categories?post=610"},{"taxonomy":"post_tag","embeddable":true,"href":"https:\/\/www.miczanin.it\/apiedi\/wp-json\/wp\/v2\/tags?post=610"}],"curies":[{"name":"wp","href":"https:\/\/api.w.org\/{rel}","templated":true}]}}