{"id":403,"date":"2012-04-27T21:21:55","date_gmt":"2012-04-27T20:21:55","guid":{"rendered":"http:\/\/www.miczanin.it\/apiedi\/?p=403"},"modified":"2012-04-27T21:51:51","modified_gmt":"2012-04-27T20:51:51","slug":"giorno-10-giovedi-26-aprile-villatuerta-torres-del-rio","status":"publish","type":"post","link":"https:\/\/www.miczanin.it\/apiedi\/2012\/04\/27\/giorno-10-giovedi-26-aprile-villatuerta-torres-del-rio\/","title":{"rendered":"Giorno 10, gioved\u00ec 26 aprile, Villatuerta &#8211; Torres del Rio"},"content":{"rendered":"<p style=\"text-align: justify;\"><a href=\"https:\/\/www.miczanin.it\/apiedi\/wp-content\/uploads\/2012\/04\/tappa10_fontevino.jpg\"><img loading=\"lazy\" decoding=\"async\" class=\"alignleft size-medium wp-image-406\" title=\"Fonte del vino\" src=\"https:\/\/www.miczanin.it\/apiedi\/wp-content\/uploads\/2012\/04\/tappa10_fontevino-205x300.jpg\" alt=\"\" width=\"205\" height=\"300\" srcset=\"https:\/\/www.miczanin.it\/apiedi\/wp-content\/uploads\/2012\/04\/tappa10_fontevino-205x300.jpg 205w, https:\/\/www.miczanin.it\/apiedi\/wp-content\/uploads\/2012\/04\/tappa10_fontevino.jpg 702w\" sizes=\"auto, (max-width: 205px) 100vw, 205px\" \/><\/a>Poco dopo l&#8217;inizio della tappa si passa da Irache, dove \u00e8 installata l&#8217;unica fontana del vino del mondo. Anche se sembra una leggenda, in realt\u00e0 \u00e8 tutto vero. Un rubinetto per l&#8217;acqua, l&#8217;altro&#8230; per il vino! Tutti ovviamente provano e il vino sembra anche piuttosto buono, dopotutto si tratta di una mossa promozionale di una famosa cantina che ha gli stabilimenti proprio lungo il cammino. Consapevole che una webcam trasmette in diretta su internet quello che fanno i pellegrini nei pressi della fonte, mi produco nella pi\u00f9 classica bevuta a canna. Peccato che l&#8217;ultimo sorso mi sia andato di traverso e che le mie convulsioni, oltre a scatenare l&#8217;ilarit\u00e0 dei presenti, siano state osservate da centinaia di curiosoni in tutto il mondo. Spero almeno che non ci sia l&#8217;audio&#8230;<\/p>\n<p style=\"text-align: justify;\"><a href=\"https:\/\/www.miczanin.it\/apiedi\/wp-content\/uploads\/2012\/04\/tappa10_albero.jpg\"><img loading=\"lazy\" decoding=\"async\" class=\"aligncenter size-full wp-image-407\" title=\"Albero\" src=\"https:\/\/www.miczanin.it\/apiedi\/wp-content\/uploads\/2012\/04\/tappa10_albero.jpg\" alt=\"\" width=\"1024\" height=\"427\" srcset=\"https:\/\/www.miczanin.it\/apiedi\/wp-content\/uploads\/2012\/04\/tappa10_albero.jpg 1024w, https:\/\/www.miczanin.it\/apiedi\/wp-content\/uploads\/2012\/04\/tappa10_albero-300x125.jpg 300w, https:\/\/www.miczanin.it\/apiedi\/wp-content\/uploads\/2012\/04\/tappa10_albero-500x208.jpg 500w\" sizes=\"auto, (max-width: 1024px) 100vw, 1024px\" \/><\/a>Il terreno della tappa \u00e8 molto simile a ieri: campi verdi e gialli, vigne, casali qua e l\u00e0, strade di campagna, e tanta quiete. L&#8217;ideale per pensare senza distrazioni. Molta gente sul cammino, ma inaspettatamente tutti sono per lo pi\u00f9 silenziosi e concentrati a mettere un piede davanti all&#8217;altro.<\/p>\n<p style=\"text-align: justify;\">Torres del Rio \u00e8 un bel paesino ricco di ostelli e per una buona ragione: tantissimi pellegrini decidono di fare tappa qui. L&#8217;ostello \u00e8 quasi completamente pieno e per la prima volta da 10 giorni a questa parte ho incontrato degli italiani, evviva! Si tratta di Giuseppe e Lauretta, coppia veneta dell&#8217;et\u00e0 dei miei genitori, e di Lidio, torinese sulla cinquantina che camminer\u00e0 fino a Santiago. Al momento di partire da Saint Jean erano tutti alla prima esperienza per quel che riguarda vacanze vissute in modo spartano. Abituati agli agi degli alberghi e dei servizi che ormai ci sembrano irrinunciabili, sono partiti all&#8217;avventura.<\/p>\n<p style=\"text-align: justify;\">Giuseppe e Lauretta fin dalla prima notte a Roncisvalle si sono buttati sugli ostelli, ricavandone impressioni contrastanti, ma senza subire traumi o contraccolpi devastanti. Ormai, dopo diverse notti, sono abituati alla nuova vita e mi sembra si trovino molto bene. Devo dire che forse Giuseppe resta ancora un po&#8217; intollerante verso i comportamenti &#8220;strani&#8221; di alcuni stranieri, tendendo ad interpretarli come maliziosi, quando invece derivano semplicemente dalle inevitabili differenze culturali. Sicuramente il cammino contribuir\u00e0 ad ammorbidire il suo punto di vista. Sono comunque una coppia molto aperta a conoscere persone nuove, di qualunque nazionalit\u00e0, e resto stupito da come conoscano gi\u00e0 quasi tutti gli oltre 50 ospiti dell&#8217;ostello.<\/p>\n<p style=\"text-align: justify;\">Lidio \u00e8 invece oggi alla prima notte in ostello. Finora \u00e8 infatti sempre stato in albergo, inorridito all&#8217;idea di non poter disporre di privacy, calma e servizi. Non so bene perch\u00e9 questa sera abbia deciso di stare con noi, ma sono sicuro che se insister\u00e0 con gli ostelli, arriver\u00e0 a Santiago diverso, pi\u00f9 consapevole delle sue capacit\u00e0 di adattamento. Ci ha divertito molto con il racconto della sua esperienza a Saint Jean, dove i volontari pesano gli zaini dei pellegrini, suggeriscono cosa togliere, e aiutano a rispedire il superfluo in Italia. Lidio \u00e8 partito da 16kg, per poi arrivare a 12kg dopo la cura dimagrante. Curioso l&#8217;elenco degli accessori inutili che gli hanno fatto togliere, a partire dall&#8217;asciugacapelli (!?!), l&#8217;ombrello, accessori ortopedici portati solo per precauzione e altro che non ricordo. Era particolarmente fiero di essere riuscito a potarsi dietro (\u00e8 stato irremovibile con gli increduli volontari) uno spazzolino pneumatico a batteria del peso di almeno 4 etti: notevole direi!<\/p>\n<p style=\"text-align: justify;\"><a href=\"https:\/\/www.miczanin.it\/apiedi\/wp-content\/uploads\/2012\/04\/tappa10_italiani.jpg\"><img loading=\"lazy\" decoding=\"async\" class=\"alignright size-medium wp-image-408\" title=\"I primi italiani\" src=\"https:\/\/www.miczanin.it\/apiedi\/wp-content\/uploads\/2012\/04\/tappa10_italiani-300x225.jpg\" alt=\"\" width=\"300\" height=\"225\" srcset=\"https:\/\/www.miczanin.it\/apiedi\/wp-content\/uploads\/2012\/04\/tappa10_italiani-300x225.jpg 300w, https:\/\/www.miczanin.it\/apiedi\/wp-content\/uploads\/2012\/04\/tappa10_italiani-400x300.jpg 400w, https:\/\/www.miczanin.it\/apiedi\/wp-content\/uploads\/2012\/04\/tappa10_italiani.jpg 1024w\" sizes=\"auto, (max-width: 300px) 100vw, 300px\" \/><\/a>Durante la cena insieme siamo passati da argomenti leggeri (teorie del complotto e rettiliani, due dei miei vecchi cavalli di battaglia), alla domanda chiave che spesso esce quando la conoscenza fra camminatori si approfondisce: perch\u00e9 lo fai? Probabilmente nessuno di noi ha risposto davvero, restando sul classico &#8220;mi piace camminare&#8221;, &#8220;non \u00e8 per la destinazione ma per il cammino&#8221;, &#8220;la tappa pi\u00f9 brutta \u00e8 l&#8217;ultima&#8221; ecc. Si intuisce per\u00f2 che Lidio ha qualcosa che lo tormenta, un certo pessimismo generalizzato, una volont\u00e0 di trovare risposte a domande forse non ancora poste. Sicuramente per\u00f2 si illumina quando ci spiega che sua moglie e sua figlia lo aspetteranno a Santiago il giorno del suo arrivo.<\/p>\n<p style=\"text-align: justify;\">Purtroppo perder\u00f2 tutti e tre gi\u00e0 a partire da domani. Loro faranno infatti tappa a Logro\u00f1o, mentre io proseguir\u00f2 per altri 14km fino a Navarrete. Buonanotte!<\/p>\n","protected":false},"excerpt":{"rendered":"<p>Poco dopo l&#8217;inizio della tappa si passa da Irache, dove \u00e8 installata l&#8217;unica fontana del vino del mondo. Anche se sembra una leggenda, in realt\u00e0 \u00e8 tutto vero. Un rubinetto per l&#8217;acqua, l&#8217;altro&#8230; per il vino! Tutti ovviamente provano e &hellip; <a href=\"https:\/\/www.miczanin.it\/apiedi\/2012\/04\/27\/giorno-10-giovedi-26-aprile-villatuerta-torres-del-rio\/\">Continue reading <span class=\"meta-nav\">&rarr;<\/span><\/a><\/p>\n","protected":false},"author":2,"featured_media":0,"comment_status":"open","ping_status":"open","sticky":false,"template":"","format":"standard","meta":{"footnotes":""},"categories":[4],"tags":[9,23],"class_list":["post-403","post","type-post","status-publish","format-standard","hentry","category-pubblicato","tag-cfrancese","tag-diario"],"_links":{"self":[{"href":"https:\/\/www.miczanin.it\/apiedi\/wp-json\/wp\/v2\/posts\/403","targetHints":{"allow":["GET"]}}],"collection":[{"href":"https:\/\/www.miczanin.it\/apiedi\/wp-json\/wp\/v2\/posts"}],"about":[{"href":"https:\/\/www.miczanin.it\/apiedi\/wp-json\/wp\/v2\/types\/post"}],"author":[{"embeddable":true,"href":"https:\/\/www.miczanin.it\/apiedi\/wp-json\/wp\/v2\/users\/2"}],"replies":[{"embeddable":true,"href":"https:\/\/www.miczanin.it\/apiedi\/wp-json\/wp\/v2\/comments?post=403"}],"version-history":[{"count":7,"href":"https:\/\/www.miczanin.it\/apiedi\/wp-json\/wp\/v2\/posts\/403\/revisions"}],"predecessor-version":[{"id":416,"href":"https:\/\/www.miczanin.it\/apiedi\/wp-json\/wp\/v2\/posts\/403\/revisions\/416"}],"wp:attachment":[{"href":"https:\/\/www.miczanin.it\/apiedi\/wp-json\/wp\/v2\/media?parent=403"}],"wp:term":[{"taxonomy":"category","embeddable":true,"href":"https:\/\/www.miczanin.it\/apiedi\/wp-json\/wp\/v2\/categories?post=403"},{"taxonomy":"post_tag","embeddable":true,"href":"https:\/\/www.miczanin.it\/apiedi\/wp-json\/wp\/v2\/tags?post=403"}],"curies":[{"name":"wp","href":"https:\/\/api.w.org\/{rel}","templated":true}]}}