{"id":1706,"date":"2013-07-03T15:28:37","date_gmt":"2013-07-03T14:28:37","guid":{"rendered":"http:\/\/www.miczanin.it\/apiedi\/?p=1706"},"modified":"2013-07-03T15:28:37","modified_gmt":"2013-07-03T14:28:37","slug":"a-picco-sul-mare","status":"publish","type":"post","link":"https:\/\/www.miczanin.it\/apiedi\/2013\/07\/03\/a-picco-sul-mare\/","title":{"rendered":"A picco sul mare"},"content":{"rendered":"<div class=\"separator\" style=\"clear: both; text-align: center;\"><a href=\"https:\/\/www.miczanin.it\/apiedi\/wp-content\/uploads\/2013\/07\/wpid-Photo-30giu2013-19021.jpg\" target=\"_self\" style=\"margin-left: 1em; margin-right: 1em;\"><img loading=\"lazy\" decoding=\"async\" src=\"https:\/\/www.miczanin.it\/apiedi\/wp-content\/uploads\/2013\/07\/wpid-Photo-30giu2013-19021.jpg\" id=\"blogsy-1372861717701.426\" class=\"aligncenter\" width=\"300\" height=\"229\" alt=\"\"><\/a><\/div>\n<p style=\"text-align: justify;\"><strong> Marted\u00ec 2 luglio 2013. In Viaggio: giorno 125. In Turchia: giorno 14. A piedi: giorno 42.<\/strong><\/p>\n<p style=\"text-align: justify;\"><strong>Via Licia: giorno 9. Da Patara a Kalkan, 16km.<\/strong><\/p>\n<p style=\"text-align: justify;\">Con un po&#39; di tristezza, ho deciso che la tappa di oggi sar\u00e0 per me l&#39;ultima lungo il percorso della Via Licia. Troppo caldo durante quasi tutte le ore di luce, tanto pi\u00f9 che dopo Kalkan il cammino si impennerebbe su per lunghe salite esposte a sud, in zone povere di villaggi e punti di ristoro. Probabilmente avrei potuto continuare, ma non senza correre qualche rischio legato all&#39;eccessiva esposizione al sole. E&#39; un buon momento per concludere, comunque. Ho visitato le rovine pi\u00f9 significative dell&#39;antica Licia, ho conosciuto gli abitanti di alcuni villaggi tanto isolati da essere quasi deserti, ho toccato spiagge stupende, raggiungibili solo a piedi o via mare. Complessivamente, ho camminato per 122km, niente male. Inoltre, Kalkan \u00e8 una famosa localit\u00e0 di villeggiatura, con un mare incredibilmente trasparente e spiagge pulite. C&#39;\u00e8 un po&#39; l&#39;effetto <em>turistopoli<\/em>, con inglesi assortiti ovunque, ma in questo momento mi va bene cos\u00ec. Mi fermer\u00f2 a Kalkan una settimana, per poi proseguire in autobus verso Antalya.<\/p>\n<div style=\"width: 510px\" class=\"wp-caption aligncenter\"><a href=\"https:\/\/www.miczanin.it\/apiedi\/wp-content\/uploads\/2013\/07\/wpid-Photo-02lug2013-0539.jpg\" target=\"_self\" style=\" \"><img loading=\"lazy\" decoding=\"async\" src=\"https:\/\/www.miczanin.it\/apiedi\/wp-content\/uploads\/2013\/07\/wpid-Photo-02lug2013-0539.jpg\" id=\"blogsy-1372861717653.7642\" class=\"aligncenter\" width=\"500\" height=\"177\" alt=\"\"><\/a><p class=\"wp-caption-text\">Ultima vista su Patara e sulla sua spiaggia di sabbia lunga 18km.<\/p><\/div>\n<div class=\"separator\" style=\"clear: both; text-align: left;\"><a href=\"https:\/\/www.miczanin.it\/apiedi\/wp-content\/uploads\/2013\/07\/wpid-Photo-02lug2013-0543.jpg\" target=\"_self\" style=\"clear: left; float: left; margin-bottom: 1em; margin-right: 1em;\"><img loading=\"lazy\" decoding=\"async\" src=\"https:\/\/www.miczanin.it\/apiedi\/wp-content\/uploads\/2013\/07\/wpid-Photo-02lug2013-0543.jpg\" id=\"blogsy-1372861717704.502\" class=\"alignleft\" width=\"200\" height=\"150\" alt=\"\"><\/a><\/div>\n<p style=\"text-align: justify;\">Il tratto da Patara a Delikkemer, variante sud, \u00e8 meraviglioso. Quasi tutto su larga mulattiera, si muove lungo la costa, con stupende viste sul mare e sulle isole poco distanti. Pochi problemi di navigazione, l&#39;ideale per rilassarsi e godersi il cammino.<\/p>\n<p style=\"text-align: justify;\">Da Delikkemer a Kalkan la mappa \u00e8 decisamente fuorviante. Sembra che inizi quasi subito una strada asfaltata e quindi mi aspettavo di arrivare in poco tempo e senza soffrire troppo il sole ormai alto. Niente di pi\u00f9 sbagliato. La strada asfaltata non esiste e abbiamo invece il re di tutti i tratti infernali. Nessuna ombra, sole a picco, vegetazione spinosa che attacca costantemente gambe e braccia, difficolt\u00e0 a seguire i segnavia. Inoltre, \u00e8 l&#39;unico tratto di tutta la Via Licia che richiede assenza di vertigini e qualche semplice passaggio di arrampicata su roccia (a strapiombo sul mare). In compenso, lo spettacolo regalato dalla natura, con insenature, baie blu e verdi, scogliere, \u00e8 uno dei pi\u00f9 impressionanti di tutto il cammino. Ricorder\u00f2 sempre il contrasto fra il desiderio di fermarmi ad ammirare quello che mi stava intorno, e l&#39;esigenza di fuggire il pi\u00f9 in fretta possibile per non beccarmi un colpo di calore, o peggio.<\/p>\n<div class=\"separator\" style=\"clear: both; text-align: center;\"><a href=\"https:\/\/www.miczanin.it\/apiedi\/wp-content\/uploads\/2013\/07\/wpid-Photo-02lug2013-0649.jpg\" target=\"_self\" style=\"margin-left: 1em; margin-right: 1em;\"><img loading=\"lazy\" decoding=\"async\" src=\"https:\/\/www.miczanin.it\/apiedi\/wp-content\/uploads\/2013\/07\/wpid-Photo-02lug2013-0649.jpg\" id=\"blogsy-1372861717652.9478\" class=\"aligncenter\" width=\"300\" height=\"186\" alt=\"\"><\/a><\/div>\n<div class=\"separator\" style=\"clear: both; text-align: center;\"><a href=\"https:\/\/www.miczanin.it\/apiedi\/wp-content\/uploads\/2013\/07\/wpid-Photo-02lug2013-0907.jpg\" target=\"_self\" style=\"margin-left: 1em; margin-right: 1em;\"><img loading=\"lazy\" decoding=\"async\" src=\"https:\/\/www.miczanin.it\/apiedi\/wp-content\/uploads\/2013\/07\/wpid-Photo-02lug2013-0907.jpg\" id=\"blogsy-1372861717716.1785\" class=\"aligncenter\" width=\"300\" height=\"225\" alt=\"\"><\/a><\/div>\n<div style=\"width: 235px\" class=\"wp-caption aligncenter\"><a href=\"https:\/\/www.miczanin.it\/apiedi\/wp-content\/uploads\/2013\/07\/wpid-Photo-02lug2013-0928.jpg\" target=\"_self\" style=\" \"><img loading=\"lazy\" decoding=\"async\" src=\"https:\/\/www.miczanin.it\/apiedi\/wp-content\/uploads\/2013\/07\/wpid-Photo-02lug2013-0928.jpg\" id=\"blogsy-1372861717675.6353\" class=\"aligncenter\" width=\"225\" height=\"300\" alt=\"\"><\/a><p class=\"wp-caption-text\">Uno dei tratti pi\u00f9 complicati, a quattro zampe su rocce a strapiombo sul mare.<\/p><\/div>\n<p style=\"text-align: justify;\">Poco fa, mentre giravo per i negozietti del centro, ho beccato una mini-libreria specializzata su tutto ci\u00f2 che ruota intorno a questa regione della Turchia. Con grande sorpresa, ho trovato anche la famosa guida alla Via Licia in inglese (The Lycian Way, di Kate Clow), quella che \u00e8 ormai introvabile e fuori stampa. Il gestore, un simpatico signore sulla sessantina che parla un eccellente inglese, mi ha spiegato che a suo tempo ne aveva ordinate mille copie, diventando cos\u00ec oggi l&#39;unico punto vendita in tutta la Turchia dove \u00e8 ancora possibile reperire la guida. Buono a sapersi, anche se ormai per me \u00e8 troppo tardi (ne ho comunque comprata una copia).<\/p>\n<p style=\"text-align: justify;\">I prossimi giorni probabilmente dirader\u00f2 i post sul blog. Mi far\u00f2 comunque risentire prima del rientro definitivo in Italia.<\/p>\n<div style=\"width: 244px\" class=\"wp-caption aligncenter\"><a href=\"https:\/\/www.miczanin.it\/apiedi\/wp-content\/uploads\/2013\/07\/wpid-Photo-02lug2013-0904.jpg\" target=\"_self\" style=\" \"><img loading=\"lazy\" decoding=\"async\" src=\"https:\/\/www.miczanin.it\/apiedi\/wp-content\/uploads\/2013\/07\/wpid-Photo-02lug2013-0904.jpg\" id=\"blogsy-1372861717680.6096\" class=\"aligncenter\" width=\"234\" height=\"250\" alt=\"\"><\/a><p class=\"wp-caption-text\">Ecco le terribili foglioline che si infilano fra schiena e zaino.<\/p><\/div>\n<p>&nbsp;<\/p>\n","protected":false},"excerpt":{"rendered":"<p>Marted\u00ec 2 luglio 2013. In Viaggio: giorno 125. In Turchia: giorno 14. A piedi: giorno 42. Via Licia: giorno 9. Da Patara a Kalkan, 16km. Con un po&#39; di tristezza, ho deciso che la tappa di oggi sar\u00e0 per me &hellip; <a href=\"https:\/\/www.miczanin.it\/apiedi\/2013\/07\/03\/a-picco-sul-mare\/\">Continue reading <span class=\"meta-nav\">&rarr;<\/span><\/a><\/p>\n","protected":false},"author":2,"featured_media":0,"comment_status":"open","ping_status":"open","sticky":false,"template":"","format":"standard","meta":{"footnotes":""},"categories":[4],"tags":[38,26,47,48],"class_list":["post-1706","post","type-post","status-publish","format-standard","hentry","category-pubblicato","tag-apiedi","tag-mondo2013","tag-turchia","tag-vialicia"],"_links":{"self":[{"href":"https:\/\/www.miczanin.it\/apiedi\/wp-json\/wp\/v2\/posts\/1706","targetHints":{"allow":["GET"]}}],"collection":[{"href":"https:\/\/www.miczanin.it\/apiedi\/wp-json\/wp\/v2\/posts"}],"about":[{"href":"https:\/\/www.miczanin.it\/apiedi\/wp-json\/wp\/v2\/types\/post"}],"author":[{"embeddable":true,"href":"https:\/\/www.miczanin.it\/apiedi\/wp-json\/wp\/v2\/users\/2"}],"replies":[{"embeddable":true,"href":"https:\/\/www.miczanin.it\/apiedi\/wp-json\/wp\/v2\/comments?post=1706"}],"version-history":[{"count":0,"href":"https:\/\/www.miczanin.it\/apiedi\/wp-json\/wp\/v2\/posts\/1706\/revisions"}],"wp:attachment":[{"href":"https:\/\/www.miczanin.it\/apiedi\/wp-json\/wp\/v2\/media?parent=1706"}],"wp:term":[{"taxonomy":"category","embeddable":true,"href":"https:\/\/www.miczanin.it\/apiedi\/wp-json\/wp\/v2\/categories?post=1706"},{"taxonomy":"post_tag","embeddable":true,"href":"https:\/\/www.miczanin.it\/apiedi\/wp-json\/wp\/v2\/tags?post=1706"}],"curies":[{"name":"wp","href":"https:\/\/api.w.org\/{rel}","templated":true}]}}