{"id":1483,"date":"2013-05-25T05:28:31","date_gmt":"2013-05-25T04:28:31","guid":{"rendered":"http:\/\/www.miczanin.it\/apiedi\/?p=1483"},"modified":"2013-05-27T21:52:30","modified_gmt":"2013-05-27T20:52:30","slug":"a-zonzo-per-lisola-di-pasqua","status":"publish","type":"post","link":"https:\/\/www.miczanin.it\/apiedi\/2013\/05\/25\/a-zonzo-per-lisola-di-pasqua\/","title":{"rendered":"A zonzo per l&#8217;Isola di Pasqua"},"content":{"rendered":"<div style=\"width: 360px\" class=\"wp-caption aligncenter\"><a href=\"https:\/\/www.miczanin.it\/apiedi\/wp-content\/uploads\/2013\/05\/wpid-Photo-24mag2013-2014.jpg\" target=\"_self\" style=\" \"><img loading=\"lazy\" decoding=\"async\" src=\"https:\/\/www.miczanin.it\/apiedi\/wp-content\/uploads\/2013\/05\/wpid-Photo-24mag2013-2014.jpg\" id=\"blogsy-1369687942773.884\" class=\"aligncenter\" alt=\"\" width=\"350\" height=\"226\"><\/a><p class=\"wp-caption-text\">Alcuni dei Moai di Tongariki.<\/p><\/div>\n<p style=\"text-align: justify;\"><strong> Venerd\u00ec 24 maggio 2013. In viaggio: giorno 86. Isola di Pasqua: giorno 4.<\/strong><\/p>\n<div style=\"width: 260px\" class=\"wp-caption alignleft\"><a href=\"https:\/\/www.miczanin.it\/apiedi\/wp-content\/uploads\/2013\/05\/wpid-Photo-24mag2013-1907.jpg\" target=\"_self\" style=\"clear: left; float: left;  \"><img loading=\"lazy\" decoding=\"async\" src=\"https:\/\/www.miczanin.it\/apiedi\/wp-content\/uploads\/2013\/05\/wpid-Photo-24mag2013-1907.jpg\" id=\"blogsy-1369687942809.7156\" class=\"alignleft\" alt=\"\" width=\"250\" height=\"188\"><\/a><p class=\"wp-caption-text\">Alcune teste abbandonate e mai arrivate a destinazione.<\/p><\/div>\n<p style=\"text-align: justify;\">Che giornata. Finalmente bel tempo e la possibilit\u00e0 di muoversi in bici senza timore di prendersi un acquazzone in testa. Si pu\u00f2 dire che, a parte quanto gi\u00e0 visitato ieri, oggi ho girato tutta l&#39;isola, provato tutte le strade primarie, secondarie, e anche alcuni pezzi di sentiero.<\/p>\n<p style=\"text-align: justify;\">Non voglio dilungarmi in digressioni storico \/ artistiche, anche perch\u00e9 questa sera devo prepararmi per il cammino di domani, quindi mi limiter\u00f2 alle fotografie e alle relative didascalie.<\/p>\n<p><div style=\"width: 360px\" class=\"wp-caption aligncenter\"><a href=\"https:\/\/www.miczanin.it\/apiedi\/wp-content\/uploads\/2013\/05\/wpid-Photo-24mag2013-1846.jpg\" target=\"_self\" style=\" \"><img loading=\"lazy\" decoding=\"async\" src=\"https:\/\/www.miczanin.it\/apiedi\/wp-content\/uploads\/2013\/05\/wpid-Photo-24mag2013-1846.jpg\" id=\"blogsy-1369687942843.195\" class=\"aligncenter\" alt=\"\" width=\"350\" height=\"197\"><\/a><p class=\"wp-caption-text\">Parete del vulcano Rano Raraku, dove venivano scavati i Moai. Ce ne sono tantissimi dispersi lungo il pendio.<\/p><\/div><div style=\"width: 360px\" class=\"wp-caption aligncenter\"><a href=\"https:\/\/www.miczanin.it\/apiedi\/wp-content\/uploads\/2013\/05\/wpid-Photo-24mag2013-1916.jpg\" target=\"_self\" style=\" \"><img loading=\"lazy\" decoding=\"async\" src=\"https:\/\/www.miczanin.it\/apiedi\/wp-content\/uploads\/2013\/05\/wpid-Photo-24mag2013-1916.jpg\" id=\"blogsy-1369687942822.186\" class=\"aligncenter\" alt=\"\" width=\"350\" height=\"262\"><\/a><p class=\"wp-caption-text\">Molto grandi, ma mai finiti, riposano ancora parzialmente attaccati alla roccia d&#39;origine.<\/p><\/div><div style=\"width: 360px\" class=\"wp-caption aligncenter\"><a href=\"https:\/\/www.miczanin.it\/apiedi\/wp-content\/uploads\/2013\/05\/wpid-Photo-24mag2013-1915.jpg\" target=\"_self\" style=\" \"><img loading=\"lazy\" decoding=\"async\" src=\"https:\/\/www.miczanin.it\/apiedi\/wp-content\/uploads\/2013\/05\/wpid-Photo-24mag2013-1915.jpg\" id=\"blogsy-1369687942762.6099\" class=\"aligncenter\" alt=\"\" width=\"350\" height=\"258\"><\/a><p class=\"wp-caption-text\">Altre teste.<\/p><\/div><\/p>\n<p style=\"text-align: justify;\">C&#39;\u00e8 per\u00f2 un aspetto che ci tengo a sottolineare. Da quanto visto in libri e documentari, ho sempre pensato che i Moai fossero delle gigantesche teste infisse nel terreno. In realt\u00e0, non \u00e8 proprio cos\u00ec. Le famose fotografie delle teste che sono entrate nell&#39;immaginario comune sono in realt\u00e0 state scattate nei pressi del sito di lavorazione, una specie di cava \/ officina. Tutte le centinaia di Moai che affollano l&#39;Isola sono stati scavati direttamente nelle pareti di tufo del vulcano Rano Raraku, per poi essere staccati e trasportati fino a destinazione. Sulle pareti del vulcano riposano tutta una serie di Moai falliti; alcune grandi teste che probabilmente si sono staccate dai corpi durante il trasporto, alcuni pezzi caduti. Alcuni dei Moai pi\u00f9 grossi mai costruiti non sono mai arrivati a destinazione e sono rimasti nella cava, forse a causa delle difficolt\u00e0 del trasporto o per il declino della civilt\u00e0 dell&#39;Isola a inizio &#39;700. Insomma, i Moai veri sono dei corpi interi, e non solo delle teste, come invece pensavo fino ad alcuni giorni fa.<\/p>\n<p style=\"text-align: justify;\">Ecco il resto delle foto.<\/p>\n<p><div style=\"width: 510px\" class=\"wp-caption aligncenter\"><a href=\"https:\/\/www.miczanin.it\/apiedi\/wp-content\/uploads\/2013\/05\/wpid-Photo-24mag2013-1930.jpg\" target=\"_self\" style=\" \"><img loading=\"lazy\" decoding=\"async\" src=\"https:\/\/www.miczanin.it\/apiedi\/wp-content\/uploads\/2013\/05\/wpid-Photo-24mag2013-1930.jpg\" id=\"blogsy-1369687942757.2068\" class=\"aligncenter\" alt=\"\" width=\"500\" height=\"141\"><\/a><p class=\"wp-caption-text\">Il lago del cratere del vulcano Rano Raraku.<\/p><\/div><div style=\"width: 360px\" class=\"wp-caption aligncenter\"><a href=\"https:\/\/www.miczanin.it\/apiedi\/wp-content\/uploads\/2013\/05\/wpid-Photo-24mag2013-19101.jpg\" target=\"_self\" style=\" \"><img loading=\"lazy\" decoding=\"async\" src=\"https:\/\/www.miczanin.it\/apiedi\/wp-content\/uploads\/2013\/05\/wpid-Photo-24mag2013-19101.jpg\" id=\"blogsy-1369687942788.8206\" class=\"aligncenter\" alt=\"\" width=\"350\" height=\"256\"><\/a><p class=\"wp-caption-text\">Bellissimi e impressionanti, i Moai di Tongariki. Nel 1960 erano caduti a causa di uno tsunami. Nel 1996 \u00e8 terminata l&#39;opera di restauro.<\/p><\/div><div style=\"width: 360px\" class=\"wp-caption aligncenter\"><a href=\"https:\/\/www.miczanin.it\/apiedi\/wp-content\/uploads\/2013\/05\/wpid-Photo-24mag2013-21283.jpg\" target=\"_self\" style=\" \"><img loading=\"lazy\" decoding=\"async\" src=\"https:\/\/www.miczanin.it\/apiedi\/wp-content\/uploads\/2013\/05\/wpid-Photo-24mag2013-21283.jpg\" id=\"blogsy-1369687942833.6316\" class=\"aligncenter\" alt=\"\" width=\"350\" height=\"206\"><\/a><p class=\"wp-caption-text\">L&#39;unica vera spiaggia balneabile dell&#39;Isola di Pasqua. Si chiama Anakena ed \u00e8 bellissima.<\/p><\/div><div style=\"width: 510px\" class=\"wp-caption aligncenter\"><a href=\"https:\/\/www.miczanin.it\/apiedi\/wp-content\/uploads\/2013\/05\/wpid-Photo-24mag2013-2316.jpg\" target=\"_self\" style=\" \"><img loading=\"lazy\" decoding=\"async\" src=\"https:\/\/www.miczanin.it\/apiedi\/wp-content\/uploads\/2013\/05\/wpid-Photo-24mag2013-2316.jpg\" id=\"blogsy-1369687942768.2593\" class=\"aligncenter\" alt=\"\" width=\"500\" height=\"298\"><\/a><p class=\"wp-caption-text\">Sito archeologico di Ahu Akivi. Gli unici Moai che non danno le spalle all&#39;oceano. Pare rappresentino i 7 mitici scopritori di Rapa Nui che, una volta tornati indietro (da qualche parte in polinesia), hanno fornito i dati di navigazione necessari alla prima migrazione.<\/p><\/div><div style=\"width: 410px\" class=\"wp-caption aligncenter\"><a href=\"https:\/\/www.miczanin.it\/apiedi\/wp-content\/uploads\/2013\/05\/wpid-Photo-24mag2013-17341.jpg\" target=\"_self\" style=\" \"><img loading=\"lazy\" decoding=\"async\" src=\"https:\/\/www.miczanin.it\/apiedi\/wp-content\/uploads\/2013\/05\/wpid-Photo-24mag2013-17341.jpg\" id=\"blogsy-1369687942806.705\" class=\"aligncenter\" alt=\"\" width=\"400\" height=\"142\"><\/a><p class=\"wp-caption-text\">No, questi sono moderni. Trovati nel parco di una villa.<\/p><\/div><\/p>\n<p>&nbsp;<\/p>\n","protected":false},"excerpt":{"rendered":"<p>Venerd\u00ec 24 maggio 2013. In viaggio: giorno 86. Isola di Pasqua: giorno 4. Che giornata. Finalmente bel tempo e la possibilit\u00e0 di muoversi in bici senza timore di prendersi un acquazzone in testa. Si pu\u00f2 dire che, a parte quanto &hellip; <a href=\"https:\/\/www.miczanin.it\/apiedi\/2013\/05\/25\/a-zonzo-per-lisola-di-pasqua\/\">Continue reading <span class=\"meta-nav\">&rarr;<\/span><\/a><\/p>\n","protected":false},"author":2,"featured_media":0,"comment_status":"open","ping_status":"open","sticky":false,"template":"","format":"standard","meta":{"footnotes":""},"categories":[4],"tags":[26,44],"class_list":["post-1483","post","type-post","status-publish","format-standard","hentry","category-pubblicato","tag-mondo2013","tag-pasqua"],"_links":{"self":[{"href":"https:\/\/www.miczanin.it\/apiedi\/wp-json\/wp\/v2\/posts\/1483","targetHints":{"allow":["GET"]}}],"collection":[{"href":"https:\/\/www.miczanin.it\/apiedi\/wp-json\/wp\/v2\/posts"}],"about":[{"href":"https:\/\/www.miczanin.it\/apiedi\/wp-json\/wp\/v2\/types\/post"}],"author":[{"embeddable":true,"href":"https:\/\/www.miczanin.it\/apiedi\/wp-json\/wp\/v2\/users\/2"}],"replies":[{"embeddable":true,"href":"https:\/\/www.miczanin.it\/apiedi\/wp-json\/wp\/v2\/comments?post=1483"}],"version-history":[{"count":2,"href":"https:\/\/www.miczanin.it\/apiedi\/wp-json\/wp\/v2\/posts\/1483\/revisions"}],"predecessor-version":[{"id":1499,"href":"https:\/\/www.miczanin.it\/apiedi\/wp-json\/wp\/v2\/posts\/1483\/revisions\/1499"}],"wp:attachment":[{"href":"https:\/\/www.miczanin.it\/apiedi\/wp-json\/wp\/v2\/media?parent=1483"}],"wp:term":[{"taxonomy":"category","embeddable":true,"href":"https:\/\/www.miczanin.it\/apiedi\/wp-json\/wp\/v2\/categories?post=1483"},{"taxonomy":"post_tag","embeddable":true,"href":"https:\/\/www.miczanin.it\/apiedi\/wp-json\/wp\/v2\/tags?post=1483"}],"curies":[{"name":"wp","href":"https:\/\/api.w.org\/{rel}","templated":true}]}}